{"id":2075564,"date":"2021-06-04T09:40:16","date_gmt":"2021-06-04T08:40:16","guid":{"rendered":"https:\/\/www.savon-de-marseille-licorne.com\/?p=2075564"},"modified":"2021-06-04T10:21:18","modified_gmt":"2021-06-04T09:21:18","slug":"5-years-already-since-the-soap-museum-opened-its-doors","status":"publish","type":"post","link":"https:\/\/www.savon-de-marseille-licorne.com\/en\/5-ans-deja-que-le-musee-du-savon-a-ouvert-ses-portes","title":{"rendered":"5 years already since the Soap Museum opened its doors"},"content":{"rendered":"<p>&nbsp;<\/p>\n<p><a href=\"https:\/\/www.savon-de-marseille-licorne.com\/en\/the-marseille-soap-museum-old-port-of-marseille\/\">The Soap Museum<\/a> opened its doors on 2 June 2016 in the former arsenal des gal\u00e8res, a prestigious venue funded by la Savonnerie la Licorne. Many of you were present at its inauguration to discover this museum brimming with history.<\/p>\n<p>&nbsp;<\/p>\n<p><img decoding=\"async\" class=\"wp-image-2075573 alignnone\" src=\"https:\/\/www.savon-de-marseille-licorne.com\/wp-content\/uploads\/2021\/06\/musee-du-savon-marseille-la-licorne-22-scaled.jpg\" alt=\"\" width=\"580\" height=\"387\" srcset=\"https:\/\/www.savon-de-marseille-licorne.com\/wp-content\/uploads\/2021\/06\/musee-du-savon-marseille-la-licorne-22-scaled.jpg 2560w, https:\/\/www.savon-de-marseille-licorne.com\/wp-content\/uploads\/2021\/06\/musee-du-savon-marseille-la-licorne-22-300x200.jpg 300w, https:\/\/www.savon-de-marseille-licorne.com\/wp-content\/uploads\/2021\/06\/musee-du-savon-marseille-la-licorne-22-1024x683.jpg 1024w, https:\/\/www.savon-de-marseille-licorne.com\/wp-content\/uploads\/2021\/06\/musee-du-savon-marseille-la-licorne-22-768x512.jpg 768w, https:\/\/www.savon-de-marseille-licorne.com\/wp-content\/uploads\/2021\/06\/musee-du-savon-marseille-la-licorne-22-1536x1024.jpg 1536w, https:\/\/www.savon-de-marseille-licorne.com\/wp-content\/uploads\/2021\/06\/musee-du-savon-marseille-la-licorne-22-2048x1365.jpg 2048w, https:\/\/www.savon-de-marseille-licorne.com\/wp-content\/uploads\/2021\/06\/musee-du-savon-marseille-la-licorne-22-600x400.jpg 600w\" sizes=\"(max-width: 580px) 100vw, 580px\" \/><\/p>\n<h4><\/h4>\n<h4><strong>The aim is to pass on know-how <\/strong><\/h4>\n<p>Our master soap-maker, Serge Bruna, a soap-maker's grandson, has been immersed in the world of soap since his early childhood. He wanted to pass on his know-how and his passion. So he came up with the idea of creating a museum dedicated to the history of this universal cube. To do this, he decided to exhibit his personal collection of objects and machines and use them to tell the story of soap. These are authentic items, some of them a hundred years old, handed down from generation to generation.<\/p>\n<p>&nbsp;<\/p>\n<p><img decoding=\"async\" class=\"wp-image-2075581 alignnone\" src=\"https:\/\/www.savon-de-marseille-licorne.com\/wp-content\/uploads\/2021\/06\/museedusavon-marseille-licorne-provence-2-scaled.jpg\" alt=\"\" width=\"573\" height=\"382\" srcset=\"https:\/\/www.savon-de-marseille-licorne.com\/wp-content\/uploads\/2021\/06\/museedusavon-marseille-licorne-provence-2-scaled.jpg 2560w, https:\/\/www.savon-de-marseille-licorne.com\/wp-content\/uploads\/2021\/06\/museedusavon-marseille-licorne-provence-2-300x200.jpg 300w, https:\/\/www.savon-de-marseille-licorne.com\/wp-content\/uploads\/2021\/06\/museedusavon-marseille-licorne-provence-2-1024x683.jpg 1024w, https:\/\/www.savon-de-marseille-licorne.com\/wp-content\/uploads\/2021\/06\/museedusavon-marseille-licorne-provence-2-768x512.jpg 768w, https:\/\/www.savon-de-marseille-licorne.com\/wp-content\/uploads\/2021\/06\/museedusavon-marseille-licorne-provence-2-1536x1024.jpg 1536w, https:\/\/www.savon-de-marseille-licorne.com\/wp-content\/uploads\/2021\/06\/museedusavon-marseille-licorne-provence-2-2048x1365.jpg 2048w, https:\/\/www.savon-de-marseille-licorne.com\/wp-content\/uploads\/2021\/06\/museedusavon-marseille-licorne-provence-2-600x400.jpg 600w\" sizes=\"(max-width: 573px) 100vw, 573px\" \/><\/p>\n<h4><\/h4>\n<h4><strong>Experience first and foremost<\/strong><\/h4>\n<p>The Mus\u00e9e du Savon aims to give you a fully-fledged experience. That's why we offer a range of workshops on site. Whether with family or friends, you'll have the chance to make your own personalised soap and take it home with you. It's a chance to let your imagination run wild and let your creativity shine through.<\/p>\n<p>&nbsp;<\/p>\n<h4><strong>A crack team<img decoding=\"async\" class=\"wp-image-2075571 alignleft\" src=\"https:\/\/www.savon-de-marseille-licorne.com\/wp-content\/uploads\/2021\/06\/michel-3.jpg\" alt=\"\" width=\"192\" height=\"192\" srcset=\"https:\/\/www.savon-de-marseille-licorne.com\/wp-content\/uploads\/2021\/06\/michel-3.jpg 1043w, https:\/\/www.savon-de-marseille-licorne.com\/wp-content\/uploads\/2021\/06\/michel-3-300x300.jpg 300w, https:\/\/www.savon-de-marseille-licorne.com\/wp-content\/uploads\/2021\/06\/michel-3-1024x1024.jpg 1024w, https:\/\/www.savon-de-marseille-licorne.com\/wp-content\/uploads\/2021\/06\/michel-3-150x150.jpg 150w, https:\/\/www.savon-de-marseille-licorne.com\/wp-content\/uploads\/2021\/06\/michel-3-768x768.jpg 768w, https:\/\/www.savon-de-marseille-licorne.com\/wp-content\/uploads\/2021\/06\/michel-3-45x45.jpg 45w, https:\/\/www.savon-de-marseille-licorne.com\/wp-content\/uploads\/2021\/06\/michel-3-600x600.jpg 600w, https:\/\/www.savon-de-marseille-licorne.com\/wp-content\/uploads\/2021\/06\/michel-3-100x100.jpg 100w, https:\/\/www.savon-de-marseille-licorne.com\/wp-content\/uploads\/2021\/06\/michel-3-32x32.jpg 32w\" sizes=\"(max-width: 192px) 100vw, 192px\" \/><\/strong><\/h4>\n<p>&nbsp;<\/p>\n<p style=\"text-align: left;\">To fully immerse you in the world of soap, a team is on hand to share their knowledge with you. Michel, who has now retired, has been in charge from day one. He is now handing over the reins to a new team. Just like him, they'll be on hand to show you every detail of this traditional craft.<\/p>\n<p>&nbsp;<\/p>\n<p>&nbsp;<\/p>\n<h4><strong>Thank you very much!<\/strong><\/h4>\n<p>Over the years, your visits have made this place a convivial place to share. You've brought the museum to life through your laughter and your moments of complicity, and we'd like to thank you for all that. We've been delighted to welcome you and share this experience over the last five years. And we hope that your numbers will continue to grow.<\/p>\n<p>We look forward to seeing you at <a href=\"https:\/\/www.google.com\/maps\/dir\/\/Le+Mus\u00e9e+du+Savon+de+Marseille+13007+Marseille\/data=!4m6!4m5!1m1!4e2!1m2!1m1!1s0x12c9c0c65f372159:0x7f50a86f30bc3b58?sa=X&amp;ved=2ahUKEwjnzYSxyP3wAhULLBoKHVDvDl8Q9RcwE3oECEAQBA\">25 quai de Rive Neuve<\/a> to discover and rediscover this special place.<\/p>","protected":false},"excerpt":{"rendered":"<p>&nbsp; Le Mus\u00e9e du Savon a ouvert ses portes le 2 juin 2016 dans l\u2019ancien arsenal des gal\u00e8res, un lieu prestigieux, financ\u00e9 par la Savonnerie la Licorne. Beaucoup d\u2019entre vous \u00e9taient pr\u00e9sents lors de son inauguration pour d\u00e9couvrir ce mus\u00e9e qui regorge d\u2019histoire. &nbsp; L\u2019objectif de transmettre un savoir-faire Notre ma\u00eetre savonnier, Serge Bruna, un [&hellip;]<\/p>\n","protected":false},"author":5,"featured_media":2075589,"comment_status":"open","ping_status":"open","sticky":false,"template":"","format":"standard","meta":{"_acf_changed":false,"footnotes":""},"categories":[1],"tags":[],"class_list":["post-2075564","post","type-post","status-publish","format-standard","has-post-thumbnail","hentry","category-non-classifiee"],"acf":[],"yoast_head":"<!-- This site is optimized with the Yoast SEO plugin v27.2 - https:\/\/yoast.com\/product\/yoast-seo-wordpress\/ -->\n<title>Le Mus\u00e9e du Savon - Savonnerie de la Licorne | Savon de Marseille<\/title>\n<meta name=\"description\" content=\"Savon de Marseille; Mus\u00e9e; Marseille; La Licorne; 5 ans; Exp\u00e9rience; Activit\u00e9; Mus\u00e9e du Savon; Savon; Provence; Visite; Famille; Amis\" \/>\n<meta name=\"robots\" content=\"index, follow, max-snippet:-1, max-image-preview:large, max-video-preview:-1\" \/>\n<link rel=\"canonical\" href=\"https:\/\/www.savon-de-marseille-licorne.com\/en\/5-years-already-since-the-soap-museum-opened-its-doors\/\" \/>\n<meta property=\"og:locale\" content=\"en_GB\" \/>\n<meta property=\"og:type\" content=\"article\" \/>\n<meta property=\"og:title\" content=\"Le Mus\u00e9e du Savon - Savonnerie de la Licorne | Savon de Marseille\" \/>\n<meta property=\"og:description\" content=\"Savon de Marseille; Mus\u00e9e; Marseille; La Licorne; 5 ans; Exp\u00e9rience; Activit\u00e9; Mus\u00e9e du Savon; Savon; Provence; Visite; Famille; Amis\" \/>\n<meta property=\"og:url\" content=\"https:\/\/www.savon-de-marseille-licorne.com\/en\/5-years-already-since-the-soap-museum-opened-its-doors\/\" \/>\n<meta property=\"og:site_name\" content=\"Savonnerie de la Licorne | Savon de Marseille\" \/>\n<meta property=\"article:published_time\" content=\"2021-06-04T08:40:16+00:00\" \/>\n<meta property=\"article:modified_time\" content=\"2021-06-04T09:21:18+00:00\" \/>\n<meta property=\"og:image\" content=\"https:\/\/www.savon-de-marseille-licorne.com\/wp-content\/uploads\/2021\/06\/museedusavon-marseille-licorne-provence-300-2.jpg\" \/>\n\t<meta property=\"og:image:width\" content=\"691\" \/>\n\t<meta property=\"og:image:height\" content=\"811\" \/>\n\t<meta property=\"og:image:type\" content=\"image\/jpeg\" \/>\n<meta name=\"author\" content=\"sandrine Savonnerie\" \/>\n<meta name=\"twitter:card\" content=\"summary_large_image\" \/>\n<meta name=\"twitter:label1\" content=\"Written by\" \/>\n\t<meta name=\"twitter:data1\" content=\"sandrine Savonnerie\" \/>\n\t<meta name=\"twitter:label2\" content=\"Estimated reading time\" \/>\n\t<meta name=\"twitter:data2\" content=\"3 minutes\" \/>\n<script type=\"application\/ld+json\" class=\"yoast-schema-graph\">{\"@context\":\"https:\/\/schema.org\",\"@graph\":[{\"@type\":\"Article\",\"@id\":\"https:\/\/www.savon-de-marseille-licorne.com\/5-ans-deja-que-le-musee-du-savon-a-ouvert-ses-portes#article\",\"isPartOf\":{\"@id\":\"https:\/\/www.savon-de-marseille-licorne.com\/5-ans-deja-que-le-musee-du-savon-a-ouvert-ses-portes\"},\"author\":{\"name\":\"sandrine Savonnerie\",\"@id\":\"https:\/\/www.savon-de-marseille-licorne.com\/#\/schema\/person\/21ee6dc5ba9724e89916561cdc34a8d1\"},\"headline\":\"5 ans d\u00e9j\u00e0 que le Mus\u00e9e du Savon a ouvert ses portes\",\"datePublished\":\"2021-06-04T08:40:16+00:00\",\"dateModified\":\"2021-06-04T09:21:18+00:00\",\"mainEntityOfPage\":{\"@id\":\"https:\/\/www.savon-de-marseille-licorne.com\/5-ans-deja-que-le-musee-du-savon-a-ouvert-ses-portes\"},\"wordCount\":415,\"commentCount\":0,\"image\":{\"@id\":\"https:\/\/www.savon-de-marseille-licorne.com\/5-ans-deja-que-le-musee-du-savon-a-ouvert-ses-portes#primaryimage\"},\"thumbnailUrl\":\"https:\/\/www.savon-de-marseille-licorne.com\/wp-content\/uploads\/2021\/06\/museedusavon-marseille-licorne-provence-300-2.jpg\",\"articleSection\":[\"Non classifi\u00e9(e)\"],\"inLanguage\":\"en-GB\",\"potentialAction\":[{\"@type\":\"CommentAction\",\"name\":\"Comment\",\"target\":[\"https:\/\/www.savon-de-marseille-licorne.com\/5-ans-deja-que-le-musee-du-savon-a-ouvert-ses-portes#respond\"]}]},{\"@type\":\"WebPage\",\"@id\":\"https:\/\/www.savon-de-marseille-licorne.com\/5-ans-deja-que-le-musee-du-savon-a-ouvert-ses-portes\",\"url\":\"https:\/\/www.savon-de-marseille-licorne.com\/5-ans-deja-que-le-musee-du-savon-a-ouvert-ses-portes\",\"name\":\"Le Mus\u00e9e du Savon - Savonnerie de la Licorne | Savon de Marseille\",\"isPartOf\":{\"@id\":\"https:\/\/www.savon-de-marseille-licorne.com\/#website\"},\"primaryImageOfPage\":{\"@id\":\"https:\/\/www.savon-de-marseille-licorne.com\/5-ans-deja-que-le-musee-du-savon-a-ouvert-ses-portes#primaryimage\"},\"image\":{\"@id\":\"https:\/\/www.savon-de-marseille-licorne.com\/5-ans-deja-que-le-musee-du-savon-a-ouvert-ses-portes#primaryimage\"},\"thumbnailUrl\":\"https:\/\/www.savon-de-marseille-licorne.com\/wp-content\/uploads\/2021\/06\/museedusavon-marseille-licorne-provence-300-2.jpg\",\"datePublished\":\"2021-06-04T08:40:16+00:00\",\"dateModified\":\"2021-06-04T09:21:18+00:00\",\"author\":{\"@id\":\"https:\/\/www.savon-de-marseille-licorne.com\/#\/schema\/person\/21ee6dc5ba9724e89916561cdc34a8d1\"},\"description\":\"Savon de Marseille; Mus\u00e9e; Marseille; La Licorne; 5 ans; Exp\u00e9rience; Activit\u00e9; Mus\u00e9e du Savon; Savon; Provence; Visite; Famille; Amis\",\"breadcrumb\":{\"@id\":\"https:\/\/www.savon-de-marseille-licorne.com\/5-ans-deja-que-le-musee-du-savon-a-ouvert-ses-portes#breadcrumb\"},\"inLanguage\":\"en-GB\",\"potentialAction\":[{\"@type\":\"ReadAction\",\"target\":[\"https:\/\/www.savon-de-marseille-licorne.com\/5-ans-deja-que-le-musee-du-savon-a-ouvert-ses-portes\"]}]},{\"@type\":\"ImageObject\",\"inLanguage\":\"en-GB\",\"@id\":\"https:\/\/www.savon-de-marseille-licorne.com\/5-ans-deja-que-le-musee-du-savon-a-ouvert-ses-portes#primaryimage\",\"url\":\"https:\/\/www.savon-de-marseille-licorne.com\/wp-content\/uploads\/2021\/06\/museedusavon-marseille-licorne-provence-300-2.jpg\",\"contentUrl\":\"https:\/\/www.savon-de-marseille-licorne.com\/wp-content\/uploads\/2021\/06\/museedusavon-marseille-licorne-provence-300-2.jpg\",\"width\":691,\"height\":811},{\"@type\":\"BreadcrumbList\",\"@id\":\"https:\/\/www.savon-de-marseille-licorne.com\/5-ans-deja-que-le-musee-du-savon-a-ouvert-ses-portes#breadcrumb\",\"itemListElement\":[{\"@type\":\"ListItem\",\"position\":1,\"name\":\"Accueil\",\"item\":\"https:\/\/www.savon-de-marseille-licorne.com\/\"},{\"@type\":\"ListItem\",\"position\":2,\"name\":\"5 ans d\u00e9j\u00e0 que le Mus\u00e9e du Savon a ouvert ses portes\"}]},{\"@type\":\"WebSite\",\"@id\":\"https:\/\/www.savon-de-marseille-licorne.com\/#website\",\"url\":\"https:\/\/www.savon-de-marseille-licorne.com\/\",\"name\":\"Savonnerie de la Licorne | Savon de Marseille\",\"description\":\"Authentique Savon de Marseille\",\"potentialAction\":[{\"@type\":\"SearchAction\",\"target\":{\"@type\":\"EntryPoint\",\"urlTemplate\":\"https:\/\/www.savon-de-marseille-licorne.com\/?s={search_term_string}\"},\"query-input\":{\"@type\":\"PropertyValueSpecification\",\"valueRequired\":true,\"valueName\":\"search_term_string\"}}],\"inLanguage\":\"en-GB\"},{\"@type\":\"Person\",\"@id\":\"https:\/\/www.savon-de-marseille-licorne.com\/#\/schema\/person\/21ee6dc5ba9724e89916561cdc34a8d1\",\"name\":\"sandrine Savonnerie\",\"image\":{\"@type\":\"ImageObject\",\"inLanguage\":\"en-GB\",\"@id\":\"https:\/\/secure.gravatar.com\/avatar\/9bcdf6582a86eb9f93ab6f98dca0219941677290f23b399dd8c41394a5887b0f?s=96&d=mm&r=g\",\"url\":\"https:\/\/secure.gravatar.com\/avatar\/9bcdf6582a86eb9f93ab6f98dca0219941677290f23b399dd8c41394a5887b0f?s=96&d=mm&r=g\",\"contentUrl\":\"https:\/\/secure.gravatar.com\/avatar\/9bcdf6582a86eb9f93ab6f98dca0219941677290f23b399dd8c41394a5887b0f?s=96&d=mm&r=g\",\"caption\":\"sandrine Savonnerie\"},\"url\":\"https:\/\/www.savon-de-marseille-licorne.com\/en\/author\/contactsoap-marseille-com\"}]}<\/script>\n<!-- \/ Yoast SEO plugin. -->","yoast_head_json":{"title":"The Soap Museum - Savonnerie de la Licorne | Savon de Marseille","description":"Savon de Marseille; Museum; Marseille; La Licorne; 5 yrs; Experience; Activity; Soap Museum; Soap; Provence; Visit; Family; Friends","robots":{"index":"index","follow":"follow","max-snippet":"max-snippet:-1","max-image-preview":"max-image-preview:large","max-video-preview":"max-video-preview:-1"},"canonical":"https:\/\/www.savon-de-marseille-licorne.com\/en\/5-years-already-since-the-soap-museum-opened-its-doors\/","og_locale":"en_GB","og_type":"article","og_title":"Le Mus\u00e9e du Savon - Savonnerie de la Licorne | Savon de Marseille","og_description":"Savon de Marseille; Mus\u00e9e; Marseille; La Licorne; 5 ans; Exp\u00e9rience; Activit\u00e9; Mus\u00e9e du Savon; Savon; Provence; Visite; Famille; Amis","og_url":"https:\/\/www.savon-de-marseille-licorne.com\/en\/5-years-already-since-the-soap-museum-opened-its-doors\/","og_site_name":"Savonnerie de la Licorne | Savon de Marseille","article_published_time":"2021-06-04T08:40:16+00:00","article_modified_time":"2021-06-04T09:21:18+00:00","og_image":[{"width":691,"height":811,"url":"https:\/\/www.savon-de-marseille-licorne.com\/wp-content\/uploads\/2021\/06\/museedusavon-marseille-licorne-provence-300-2.jpg","type":"image\/jpeg"}],"author":"sandrine Savonnerie","twitter_card":"summary_large_image","twitter_misc":{"Written by":"sandrine Savonnerie","Estimated reading time":"3 minutes"},"schema":{"@context":"https:\/\/schema.org","@graph":[{"@type":"Article","@id":"https:\/\/www.savon-de-marseille-licorne.com\/5-ans-deja-que-le-musee-du-savon-a-ouvert-ses-portes#article","isPartOf":{"@id":"https:\/\/www.savon-de-marseille-licorne.com\/5-ans-deja-que-le-musee-du-savon-a-ouvert-ses-portes"},"author":{"name":"sandrine Savonnerie","@id":"https:\/\/www.savon-de-marseille-licorne.com\/#\/schema\/person\/21ee6dc5ba9724e89916561cdc34a8d1"},"headline":"5 ans d\u00e9j\u00e0 que le Mus\u00e9e du Savon a ouvert ses portes","datePublished":"2021-06-04T08:40:16+00:00","dateModified":"2021-06-04T09:21:18+00:00","mainEntityOfPage":{"@id":"https:\/\/www.savon-de-marseille-licorne.com\/5-ans-deja-que-le-musee-du-savon-a-ouvert-ses-portes"},"wordCount":415,"commentCount":0,"image":{"@id":"https:\/\/www.savon-de-marseille-licorne.com\/5-ans-deja-que-le-musee-du-savon-a-ouvert-ses-portes#primaryimage"},"thumbnailUrl":"https:\/\/www.savon-de-marseille-licorne.com\/wp-content\/uploads\/2021\/06\/museedusavon-marseille-licorne-provence-300-2.jpg","articleSection":["Non classifi\u00e9(e)"],"inLanguage":"en-GB","potentialAction":[{"@type":"CommentAction","name":"Comment","target":["https:\/\/www.savon-de-marseille-licorne.com\/5-ans-deja-que-le-musee-du-savon-a-ouvert-ses-portes#respond"]}]},{"@type":"WebPage","@id":"https:\/\/www.savon-de-marseille-licorne.com\/5-ans-deja-que-le-musee-du-savon-a-ouvert-ses-portes","url":"https:\/\/www.savon-de-marseille-licorne.com\/5-ans-deja-que-le-musee-du-savon-a-ouvert-ses-portes","name":"The Soap Museum - Savonnerie de la Licorne | Savon de Marseille","isPartOf":{"@id":"https:\/\/www.savon-de-marseille-licorne.com\/#website"},"primaryImageOfPage":{"@id":"https:\/\/www.savon-de-marseille-licorne.com\/5-ans-deja-que-le-musee-du-savon-a-ouvert-ses-portes#primaryimage"},"image":{"@id":"https:\/\/www.savon-de-marseille-licorne.com\/5-ans-deja-que-le-musee-du-savon-a-ouvert-ses-portes#primaryimage"},"thumbnailUrl":"https:\/\/www.savon-de-marseille-licorne.com\/wp-content\/uploads\/2021\/06\/museedusavon-marseille-licorne-provence-300-2.jpg","datePublished":"2021-06-04T08:40:16+00:00","dateModified":"2021-06-04T09:21:18+00:00","author":{"@id":"https:\/\/www.savon-de-marseille-licorne.com\/#\/schema\/person\/21ee6dc5ba9724e89916561cdc34a8d1"},"description":"Savon de Marseille; Museum; Marseille; La Licorne; 5 yrs; Experience; Activity; Soap Museum; Soap; Provence; Visit; Family; Friends","breadcrumb":{"@id":"https:\/\/www.savon-de-marseille-licorne.com\/5-ans-deja-que-le-musee-du-savon-a-ouvert-ses-portes#breadcrumb"},"inLanguage":"en-GB","potentialAction":[{"@type":"ReadAction","target":["https:\/\/www.savon-de-marseille-licorne.com\/5-ans-deja-que-le-musee-du-savon-a-ouvert-ses-portes"]}]},{"@type":"ImageObject","inLanguage":"en-GB","@id":"https:\/\/www.savon-de-marseille-licorne.com\/5-ans-deja-que-le-musee-du-savon-a-ouvert-ses-portes#primaryimage","url":"https:\/\/www.savon-de-marseille-licorne.com\/wp-content\/uploads\/2021\/06\/museedusavon-marseille-licorne-provence-300-2.jpg","contentUrl":"https:\/\/www.savon-de-marseille-licorne.com\/wp-content\/uploads\/2021\/06\/museedusavon-marseille-licorne-provence-300-2.jpg","width":691,"height":811},{"@type":"BreadcrumbList","@id":"https:\/\/www.savon-de-marseille-licorne.com\/5-ans-deja-que-le-musee-du-savon-a-ouvert-ses-portes#breadcrumb","itemListElement":[{"@type":"ListItem","position":1,"name":"Accueil","item":"https:\/\/www.savon-de-marseille-licorne.com\/"},{"@type":"ListItem","position":2,"name":"5 ans d\u00e9j\u00e0 que le Mus\u00e9e du Savon a ouvert ses portes"}]},{"@type":"WebSite","@id":"https:\/\/www.savon-de-marseille-licorne.com\/#website","url":"https:\/\/www.savon-de-marseille-licorne.com\/","name":"Savonnerie de la Licorne | Marseille Soap","description":"Authentic Marseille Soap","potentialAction":[{"@type":"SearchAction","target":{"@type":"EntryPoint","urlTemplate":"https:\/\/www.savon-de-marseille-licorne.com\/?s={search_term_string}"},"query-input":{"@type":"PropertyValueSpecification","valueRequired":true,"valueName":"search_term_string"}}],"inLanguage":"en-GB"},{"@type":"Person","@id":"https:\/\/www.savon-de-marseille-licorne.com\/#\/schema\/person\/21ee6dc5ba9724e89916561cdc34a8d1","name":"sandrine Savonnerie","image":{"@type":"ImageObject","inLanguage":"en-GB","@id":"https:\/\/secure.gravatar.com\/avatar\/9bcdf6582a86eb9f93ab6f98dca0219941677290f23b399dd8c41394a5887b0f?s=96&d=mm&r=g","url":"https:\/\/secure.gravatar.com\/avatar\/9bcdf6582a86eb9f93ab6f98dca0219941677290f23b399dd8c41394a5887b0f?s=96&d=mm&r=g","contentUrl":"https:\/\/secure.gravatar.com\/avatar\/9bcdf6582a86eb9f93ab6f98dca0219941677290f23b399dd8c41394a5887b0f?s=96&d=mm&r=g","caption":"sandrine Savonnerie"},"url":"https:\/\/www.savon-de-marseille-licorne.com\/en\/author\/contactsoap-marseille-com"}]}},"_links":{"self":[{"href":"https:\/\/www.savon-de-marseille-licorne.com\/en\/wp-json\/wp\/v2\/posts\/2075564","targetHints":{"allow":["GET"]}}],"collection":[{"href":"https:\/\/www.savon-de-marseille-licorne.com\/en\/wp-json\/wp\/v2\/posts"}],"about":[{"href":"https:\/\/www.savon-de-marseille-licorne.com\/en\/wp-json\/wp\/v2\/types\/post"}],"author":[{"embeddable":true,"href":"https:\/\/www.savon-de-marseille-licorne.com\/en\/wp-json\/wp\/v2\/users\/5"}],"replies":[{"embeddable":true,"href":"https:\/\/www.savon-de-marseille-licorne.com\/en\/wp-json\/wp\/v2\/comments?post=2075564"}],"version-history":[{"count":0,"href":"https:\/\/www.savon-de-marseille-licorne.com\/en\/wp-json\/wp\/v2\/posts\/2075564\/revisions"}],"wp:featuredmedia":[{"embeddable":true,"href":"https:\/\/www.savon-de-marseille-licorne.com\/en\/wp-json\/wp\/v2\/media\/2075589"}],"wp:attachment":[{"href":"https:\/\/www.savon-de-marseille-licorne.com\/en\/wp-json\/wp\/v2\/media?parent=2075564"}],"wp:term":[{"taxonomy":"category","embeddable":true,"href":"https:\/\/www.savon-de-marseille-licorne.com\/en\/wp-json\/wp\/v2\/categories?post=2075564"},{"taxonomy":"post_tag","embeddable":true,"href":"https:\/\/www.savon-de-marseille-licorne.com\/en\/wp-json\/wp\/v2\/tags?post=2075564"}],"curies":[{"name":"wp","href":"https:\/\/api.w.org\/{rel}","templated":true}]}}